{"id":1939,"date":"2025-01-14T12:02:36","date_gmt":"2025-01-14T12:02:36","guid":{"rendered":"https:\/\/a-net.be\/?p=1939"},"modified":"2025-01-16T10:11:19","modified_gmt":"2025-01-16T10:11:19","slug":"hoe-kies-je-de-juiste-laadpaal","status":"publish","type":"post","link":"https:\/\/a-net.be\/fr\/hoe-kies-je-de-juiste-laadpaal\/","title":{"rendered":"Comment choisir la bonne station de recharge ?"},"content":{"rendered":"<div data-elementor-type=\"wp-post\" data-elementor-id=\"1939\" class=\"elementor elementor-1939\" data-elementor-post-type=\"post\">\n\t\t\t\t\t\t<section class=\"elementor-section elementor-top-section elementor-element elementor-element-f478925 elementor-section-boxed elementor-section-height-default elementor-section-height-default sc_fly_static\" data-id=\"f478925\" data-element_type=\"section\" data-e-type=\"section\">\n\t\t\t\t\t\t<div class=\"elementor-container elementor-column-gap-extended\">\n\t\t\t\t\t<div class=\"elementor-column elementor-col-100 elementor-top-column elementor-element elementor-element-a33a78f sc_content_align_inherit sc_layouts_column_icons_position_left sc_fly_static\" data-id=\"a33a78f\" data-element_type=\"column\" data-e-type=\"column\">\n\t\t\t<div class=\"elementor-widget-wrap elementor-element-populated\">\n\t\t\t\t\t\t<div class=\"elementor-element elementor-element-cdd553a sc_fly_static elementor-widget elementor-widget-spacer\" data-id=\"cdd553a\" data-element_type=\"widget\" data-e-type=\"widget\" data-widget_type=\"spacer.default\">\n\t\t\t\t<div class=\"elementor-widget-container\">\n\t\t\t\t\t\t\t<div class=\"elementor-spacer\">\n\t\t\t<div class=\"elementor-spacer-inner\"><\/div>\n\t\t<\/div>\n\t\t\t\t\t\t<\/div>\n\t\t\t\t<\/div>\n\t\t\t\t<div class=\"elementor-element elementor-element-eee89d7 sc_fly_static elementor-widget elementor-widget-text-editor\" data-id=\"eee89d7\" data-element_type=\"widget\" data-e-type=\"widget\" data-widget_type=\"text-editor.default\">\n\t\t\t\t<div class=\"elementor-widget-container\">\n\t\t\t\t\t\t\t\t\t<p class=\"p1\">La transition vers la conduite \u00e9lectrique progresse rapidement et s'accompagne de la n\u00e9cessit\u00e9 de disposer de solutions de recharge fiables. Qu'il s'agisse d'un particulier souhaitant recharger son v\u00e9hicule \u00e0 domicile ou d'une entreprise souhaitant installer des bornes de recharge dans son parking, il est essentiel de choisir la bonne station de recharge. Chez A-NET, nous comprenons que chaque situation est unique. C'est pourquoi nous proposons des solutions de recharge sur mesure qui r\u00e9pondent aux normes les plus strictes. Dans cet article, nous expliquons \u00e9tape par \u00e9tape comment choisir la bonne station de recharge qui r\u00e9pondra parfaitement \u00e0 vos besoins.<\/p>\t\t\t\t\t\t\t\t<\/div>\n\t\t\t\t<\/div>\n\t\t\t\t<div class=\"elementor-element elementor-element-0bd2da3 sc_fly_static elementor-widget elementor-widget-spacer\" data-id=\"0bd2da3\" data-element_type=\"widget\" data-e-type=\"widget\" data-widget_type=\"spacer.default\">\n\t\t\t\t<div class=\"elementor-widget-container\">\n\t\t\t\t\t\t\t<div class=\"elementor-spacer\">\n\t\t\t<div class=\"elementor-spacer-inner\"><\/div>\n\t\t<\/div>\n\t\t\t\t\t\t<\/div>\n\t\t\t\t<\/div>\n\t\t\t\t\t<\/div>\n\t\t<\/div>\n\t\t\t\t\t<\/div>\n\t\t<\/section>\n\t\t\t\t<section class=\"elementor-section elementor-top-section elementor-element elementor-element-f8c2f4c elementor-section-boxed elementor-section-height-default elementor-section-height-default sc_fly_static\" data-id=\"f8c2f4c\" data-element_type=\"section\" data-e-type=\"section\">\n\t\t\t\t\t\t<div class=\"elementor-container elementor-column-gap-extended\">\n\t\t\t\t\t<div class=\"elementor-column elementor-col-100 elementor-top-column elementor-element elementor-element-44cd562 sc_content_align_inherit sc_layouts_column_icons_position_left sc_fly_static\" data-id=\"44cd562\" data-element_type=\"column\" data-e-type=\"column\">\n\t\t\t<div class=\"elementor-widget-wrap elementor-element-populated\">\n\t\t\t\t\t\t<div class=\"elementor-element elementor-element-e250549 sc_fly_static elementor-widget elementor-widget-spacer\" data-id=\"e250549\" data-element_type=\"widget\" data-e-type=\"widget\" data-widget_type=\"spacer.default\">\n\t\t\t\t<div class=\"elementor-widget-container\">\n\t\t\t\t\t\t\t<div class=\"elementor-spacer\">\n\t\t\t<div class=\"elementor-spacer-inner\"><\/div>\n\t\t<\/div>\n\t\t\t\t\t\t<\/div>\n\t\t\t\t<\/div>\n\t\t\t\t<div class=\"elementor-element elementor-element-70fa42b sc_fly_static elementor-widget elementor-widget-text-editor\" data-id=\"70fa42b\" data-element_type=\"widget\" data-e-type=\"widget\" data-widget_type=\"text-editor.default\">\n\t\t\t\t<div class=\"elementor-widget-container\">\n\t\t\t\t\t\t\t\t\t<p class=\"p1\"><b>\u00c9tape 1 : Analyser vos besoins en mati\u00e8re de recharge<\/b><b><\/b><\/p><p class=\"p3\">La premi\u00e8re \u00e9tape consiste \u00e0 comprendre vos besoins en mati\u00e8re de recharge. R\u00e9pondez aux questions suivantes :<\/p><ul><li class=\"p4\">Combien de v\u00e9hicules \u00e9lectriques souhaitez-vous charger ?<\/li><li class=\"p4\">\u00c0 quelle fr\u00e9quence ces v\u00e9hicules doivent-ils \u00eatre recharg\u00e9s ?<\/li><li class=\"p4\">Quelle est l'autonomie moyenne de vos v\u00e9hicules ?<\/li><\/ul><p class=\"p3\">Pour les particuliers, une seule station de recharge peut suffire, tandis que les entreprises peuvent avoir besoin de plusieurs points de recharge.<\/p>\t\t\t\t\t\t\t\t<\/div>\n\t\t\t\t<\/div>\n\t\t\t\t<div class=\"elementor-element elementor-element-cdef213 sc_fly_static elementor-widget elementor-widget-spacer\" data-id=\"cdef213\" data-element_type=\"widget\" data-e-type=\"widget\" data-widget_type=\"spacer.default\">\n\t\t\t\t<div class=\"elementor-widget-container\">\n\t\t\t\t\t\t\t<div class=\"elementor-spacer\">\n\t\t\t<div class=\"elementor-spacer-inner\"><\/div>\n\t\t<\/div>\n\t\t\t\t\t\t<\/div>\n\t\t\t\t<\/div>\n\t\t\t\t\t<\/div>\n\t\t<\/div>\n\t\t\t\t\t<\/div>\n\t\t<\/section>\n\t\t\t\t<section class=\"elementor-section elementor-top-section elementor-element elementor-element-fc731ea elementor-section-boxed elementor-section-height-default elementor-section-height-default sc_fly_static\" data-id=\"fc731ea\" data-element_type=\"section\" data-e-type=\"section\">\n\t\t\t\t\t\t<div class=\"elementor-container elementor-column-gap-extended\">\n\t\t\t\t\t<div class=\"elementor-column elementor-col-100 elementor-top-column elementor-element elementor-element-67e4be6 sc_content_align_inherit sc_layouts_column_icons_position_left sc_fly_static\" data-id=\"67e4be6\" data-element_type=\"column\" data-e-type=\"column\">\n\t\t\t<div class=\"elementor-widget-wrap elementor-element-populated\">\n\t\t\t\t\t\t<div class=\"elementor-element elementor-element-c1d914b sc_fly_static elementor-widget elementor-widget-spacer\" data-id=\"c1d914b\" data-element_type=\"widget\" data-e-type=\"widget\" data-widget_type=\"spacer.default\">\n\t\t\t\t<div class=\"elementor-widget-container\">\n\t\t\t\t\t\t\t<div class=\"elementor-spacer\">\n\t\t\t<div class=\"elementor-spacer-inner\"><\/div>\n\t\t<\/div>\n\t\t\t\t\t\t<\/div>\n\t\t\t\t<\/div>\n\t\t\t\t<div class=\"elementor-element elementor-element-09bc9f5 sc_fly_static elementor-widget elementor-widget-text-editor\" data-id=\"09bc9f5\" data-element_type=\"widget\" data-e-type=\"widget\" data-widget_type=\"text-editor.default\">\n\t\t\t\t<div class=\"elementor-widget-container\">\n\t\t\t\t\t\t\t\t\t<p class=\"p1\"><b>\u00c9tape 2 : D\u00e9terminer l'emplacement<\/b><b><\/b><\/p><p class=\"p3\">L'emplacement de la station de recharge joue un r\u00f4le crucial dans le choix :<\/p><ul><li class=\"p4\"><b>Accueil<\/b>: Existe-t-il une all\u00e9e, un garage ou un parking o\u00f9 la station de recharge peut \u00eatre plac\u00e9e ?<\/li><li class=\"p4\"><b>Entreprises<\/b>Les stations de recharge : O\u00f9 doivent-elles \u00eatre plac\u00e9es et y a-t-il suffisamment d'espace pour plusieurs v\u00e9hicules ?<\/li><\/ul><p class=\"p3\">Une \u00e9tude professionnelle du site, telle que celle propos\u00e9e par A-NET, permet d'\u00e9valuer l'emplacement et l'infrastructure n\u00e9cessaires.<\/p>\t\t\t\t\t\t\t\t<\/div>\n\t\t\t\t<\/div>\n\t\t\t\t<div class=\"elementor-element elementor-element-357655f sc_fly_static elementor-widget elementor-widget-spacer\" data-id=\"357655f\" data-element_type=\"widget\" data-e-type=\"widget\" data-widget_type=\"spacer.default\">\n\t\t\t\t<div class=\"elementor-widget-container\">\n\t\t\t\t\t\t\t<div class=\"elementor-spacer\">\n\t\t\t<div class=\"elementor-spacer-inner\"><\/div>\n\t\t<\/div>\n\t\t\t\t\t\t<\/div>\n\t\t\t\t<\/div>\n\t\t\t\t\t<\/div>\n\t\t<\/div>\n\t\t\t\t\t<\/div>\n\t\t<\/section>\n\t\t\t\t<section class=\"elementor-section elementor-top-section elementor-element elementor-element-9046ac8 elementor-section-boxed elementor-section-height-default elementor-section-height-default sc_fly_static\" data-id=\"9046ac8\" data-element_type=\"section\" data-e-type=\"section\">\n\t\t\t\t\t\t<div class=\"elementor-container elementor-column-gap-extended\">\n\t\t\t\t\t<div class=\"elementor-column elementor-col-100 elementor-top-column elementor-element elementor-element-ab67f1b sc_content_align_inherit sc_layouts_column_icons_position_left sc_fly_static\" data-id=\"ab67f1b\" data-element_type=\"column\" data-e-type=\"column\">\n\t\t\t<div class=\"elementor-widget-wrap elementor-element-populated\">\n\t\t\t\t\t\t<div class=\"elementor-element elementor-element-cc6ae9e sc_fly_static elementor-widget elementor-widget-spacer\" data-id=\"cc6ae9e\" data-element_type=\"widget\" data-e-type=\"widget\" data-widget_type=\"spacer.default\">\n\t\t\t\t<div class=\"elementor-widget-container\">\n\t\t\t\t\t\t\t<div class=\"elementor-spacer\">\n\t\t\t<div class=\"elementor-spacer-inner\"><\/div>\n\t\t<\/div>\n\t\t\t\t\t\t<\/div>\n\t\t\t\t<\/div>\n\t\t\t\t<div class=\"elementor-element elementor-element-5103f06 sc_fly_static elementor-widget elementor-widget-text-editor\" data-id=\"5103f06\" data-element_type=\"widget\" data-e-type=\"widget\" data-widget_type=\"text-editor.default\">\n\t\t\t\t<div class=\"elementor-widget-container\">\n\t\t\t\t\t\t\t\t\t<p class=\"p1\"><b>\u00c9tape 3 : Choisir la puissance de la station de recharge<\/b><b><\/b><\/p><p class=\"p3\">Les bornes de recharge sont disponibles en diff\u00e9rentes capacit\u00e9s, allant g\u00e9n\u00e9ralement de 3,7 kW \u00e0 22 kW.<\/p><ul><li class=\"p3\"><b>Chargement lent (3,7-7,4 kW)<\/b>La recharge de l'appareil est une op\u00e9ration de longue haleine : elle convient \u00e0 l'usage domestique et aux v\u00e9hicules qui se rechargent pendant la nuit.<\/li><li class=\"p4\"><b>Chargement rapide (11-22 kW)<\/b>: Id\u00e9al pour les entreprises ou les sites ayant un d\u00e9bit \u00e9lev\u00e9.<\/li><\/ul><p class=\"p3\">Nos experts vous aideront \u00e0 faire le bon choix en fonction de votre capacit\u00e9 de puissance et de vos besoins d'utilisation.<\/p>\t\t\t\t\t\t\t\t<\/div>\n\t\t\t\t<\/div>\n\t\t\t\t<div class=\"elementor-element elementor-element-3234535 sc_fly_static elementor-widget elementor-widget-spacer\" data-id=\"3234535\" data-element_type=\"widget\" data-e-type=\"widget\" data-widget_type=\"spacer.default\">\n\t\t\t\t<div class=\"elementor-widget-container\">\n\t\t\t\t\t\t\t<div class=\"elementor-spacer\">\n\t\t\t<div class=\"elementor-spacer-inner\"><\/div>\n\t\t<\/div>\n\t\t\t\t\t\t<\/div>\n\t\t\t\t<\/div>\n\t\t\t\t\t<\/div>\n\t\t<\/div>\n\t\t\t\t\t<\/div>\n\t\t<\/section>\n\t\t\t\t<section class=\"elementor-section elementor-top-section elementor-element elementor-element-88794d8 elementor-section-boxed elementor-section-height-default elementor-section-height-default sc_fly_static\" data-id=\"88794d8\" data-element_type=\"section\" data-e-type=\"section\">\n\t\t\t\t\t\t<div class=\"elementor-container elementor-column-gap-extended\">\n\t\t\t\t\t<div class=\"elementor-column elementor-col-100 elementor-top-column elementor-element elementor-element-0686d46 sc_content_align_inherit sc_layouts_column_icons_position_left sc_fly_static\" data-id=\"0686d46\" data-element_type=\"column\" data-e-type=\"column\">\n\t\t\t<div class=\"elementor-widget-wrap elementor-element-populated\">\n\t\t\t\t\t\t<div class=\"elementor-element elementor-element-2e95534 sc_fly_static elementor-widget elementor-widget-spacer\" data-id=\"2e95534\" data-element_type=\"widget\" data-e-type=\"widget\" data-widget_type=\"spacer.default\">\n\t\t\t\t<div class=\"elementor-widget-container\">\n\t\t\t\t\t\t\t<div class=\"elementor-spacer\">\n\t\t\t<div class=\"elementor-spacer-inner\"><\/div>\n\t\t<\/div>\n\t\t\t\t\t\t<\/div>\n\t\t\t\t<\/div>\n\t\t\t\t<div class=\"elementor-element elementor-element-1ca3fc6 sc_fly_static elementor-widget elementor-widget-text-editor\" data-id=\"1ca3fc6\" data-element_type=\"widget\" data-e-type=\"widget\" data-widget_type=\"text-editor.default\">\n\t\t\t\t<div class=\"elementor-widget-container\">\n\t\t\t\t\t\t\t\t\t<p class=\"p1\"><b>\u00c9tape 4 : V\u00e9rifier l'infrastructure \u00e9lectrique<\/b><b><\/b><\/p><p class=\"p3\">Tous les emplacements ne se pr\u00eatent pas imm\u00e9diatement \u00e0 l'installation d'une station de recharge.<\/p><ul><li class=\"p4\">La connexion \u00e9lectrique actuelle est-elle suffisante ?<\/li><li class=\"p4\">Le coffret de comptage doit-il \u00eatre prolong\u00e9 ou modifi\u00e9 ?<\/li><\/ul><p class=\"p3\">A-NET fournit une analyse compl\u00e8te de votre infrastructure et s'assure que votre syst\u00e8me est enti\u00e8rement compatible.<\/p>\t\t\t\t\t\t\t\t<\/div>\n\t\t\t\t<\/div>\n\t\t\t\t<div class=\"elementor-element elementor-element-1f35a65 sc_fly_static elementor-widget elementor-widget-spacer\" data-id=\"1f35a65\" data-element_type=\"widget\" data-e-type=\"widget\" data-widget_type=\"spacer.default\">\n\t\t\t\t<div class=\"elementor-widget-container\">\n\t\t\t\t\t\t\t<div class=\"elementor-spacer\">\n\t\t\t<div class=\"elementor-spacer-inner\"><\/div>\n\t\t<\/div>\n\t\t\t\t\t\t<\/div>\n\t\t\t\t<\/div>\n\t\t\t\t\t<\/div>\n\t\t<\/div>\n\t\t\t\t\t<\/div>\n\t\t<\/section>\n\t\t\t\t<section class=\"elementor-section elementor-top-section elementor-element elementor-element-7175db2 elementor-section-boxed elementor-section-height-default elementor-section-height-default sc_fly_static\" data-id=\"7175db2\" data-element_type=\"section\" data-e-type=\"section\">\n\t\t\t\t\t\t<div class=\"elementor-container elementor-column-gap-extended\">\n\t\t\t\t\t<div class=\"elementor-column elementor-col-100 elementor-top-column elementor-element elementor-element-76cb83f sc_content_align_inherit sc_layouts_column_icons_position_left sc_fly_static\" data-id=\"76cb83f\" data-element_type=\"column\" data-e-type=\"column\">\n\t\t\t<div class=\"elementor-widget-wrap elementor-element-populated\">\n\t\t\t\t\t\t<div class=\"elementor-element elementor-element-cb04bd9 sc_fly_static elementor-widget elementor-widget-spacer\" data-id=\"cb04bd9\" data-element_type=\"widget\" data-e-type=\"widget\" data-widget_type=\"spacer.default\">\n\t\t\t\t<div class=\"elementor-widget-container\">\n\t\t\t\t\t\t\t<div class=\"elementor-spacer\">\n\t\t\t<div class=\"elementor-spacer-inner\"><\/div>\n\t\t<\/div>\n\t\t\t\t\t\t<\/div>\n\t\t\t\t<\/div>\n\t\t\t\t<div class=\"elementor-element elementor-element-d7deced sc_fly_static elementor-widget elementor-widget-text-editor\" data-id=\"d7deced\" data-element_type=\"widget\" data-e-type=\"widget\" data-widget_type=\"text-editor.default\">\n\t\t\t\t<div class=\"elementor-widget-container\">\n\t\t\t\t\t\t\t\t\t<p class=\"p1\"><b>\u00c9tape 5 : Pensez \u00e0 des fonctionnalit\u00e9s intelligentes<\/b><b><\/b><\/p><p class=\"p3\">Les stations de recharge modernes sont dot\u00e9es de fonctions intelligentes, telles que<\/p><ul><li class=\"p4\"><b>\u00c9quilibrage de la charge<\/b>Le syst\u00e8me de gestion des d\u00e9chets : \u00e9vite la surcharge de la grille.<\/li><li class=\"p4\"><b>Int\u00e9gration des applications<\/b>Les applications : Suivez le processus de charge en temps r\u00e9el gr\u00e2ce \u00e0 une application.<\/li><li class=\"p4\"><b>Gestion des utilisateurs<\/b>Les entreprises peuvent ainsi contr\u00f4ler les co\u00fbts de facturation par utilisateur.<\/li><\/ul><p class=\"p3\">Ces caract\u00e9ristiques augmentent l'efficacit\u00e9 et la convivialit\u00e9 de votre solution de charge.<\/p>\t\t\t\t\t\t\t\t<\/div>\n\t\t\t\t<\/div>\n\t\t\t\t<div class=\"elementor-element elementor-element-bb10294 sc_fly_static elementor-widget elementor-widget-spacer\" data-id=\"bb10294\" data-element_type=\"widget\" data-e-type=\"widget\" data-widget_type=\"spacer.default\">\n\t\t\t\t<div class=\"elementor-widget-container\">\n\t\t\t\t\t\t\t<div class=\"elementor-spacer\">\n\t\t\t<div class=\"elementor-spacer-inner\"><\/div>\n\t\t<\/div>\n\t\t\t\t\t\t<\/div>\n\t\t\t\t<\/div>\n\t\t\t\t\t<\/div>\n\t\t<\/div>\n\t\t\t\t\t<\/div>\n\t\t<\/section>\n\t\t\t\t<section class=\"elementor-section elementor-top-section elementor-element elementor-element-8768bcc elementor-section-boxed elementor-section-height-default elementor-section-height-default sc_fly_static\" data-id=\"8768bcc\" data-element_type=\"section\" data-e-type=\"section\">\n\t\t\t\t\t\t<div class=\"elementor-container elementor-column-gap-extended\">\n\t\t\t\t\t<div class=\"elementor-column elementor-col-100 elementor-top-column elementor-element elementor-element-8c7ed2f sc_content_align_inherit sc_layouts_column_icons_position_left sc_fly_static\" data-id=\"8c7ed2f\" data-element_type=\"column\" data-e-type=\"column\">\n\t\t\t<div class=\"elementor-widget-wrap elementor-element-populated\">\n\t\t\t\t\t\t<div class=\"elementor-element elementor-element-e8de03c sc_fly_static elementor-widget elementor-widget-spacer\" data-id=\"e8de03c\" data-element_type=\"widget\" data-e-type=\"widget\" data-widget_type=\"spacer.default\">\n\t\t\t\t<div class=\"elementor-widget-container\">\n\t\t\t\t\t\t\t<div class=\"elementor-spacer\">\n\t\t\t<div class=\"elementor-spacer-inner\"><\/div>\n\t\t<\/div>\n\t\t\t\t\t\t<\/div>\n\t\t\t\t<\/div>\n\t\t\t\t<div class=\"elementor-element elementor-element-339acea sc_fly_static elementor-widget elementor-widget-text-editor\" data-id=\"339acea\" data-element_type=\"widget\" data-e-type=\"widget\" data-widget_type=\"text-editor.default\">\n\t\t\t\t<div class=\"elementor-widget-container\">\n\t\t\t\t\t\t\t\t\t<p class=\"p1\"><b>\u00c9tape 6 : Choisir un partenaire d'installation fiable<\/b><b><\/b><\/p><p class=\"p3\">Le choix d'une station de recharge est une chose, mais une installation experte est tout aussi importante. Choisissez un partenaire fiable, tel qu'A-NET, qui s'occupe non seulement de l'installation, mais qui offre \u00e9galement une assistance pour l'entretien et les mises \u00e0 jour \u00e9ventuelles.<\/p>\t\t\t\t\t\t\t\t<\/div>\n\t\t\t\t<\/div>\n\t\t\t\t<div class=\"elementor-element elementor-element-6a6d8d6 sc_fly_static elementor-widget elementor-widget-spacer\" data-id=\"6a6d8d6\" data-element_type=\"widget\" data-e-type=\"widget\" data-widget_type=\"spacer.default\">\n\t\t\t\t<div class=\"elementor-widget-container\">\n\t\t\t\t\t\t\t<div class=\"elementor-spacer\">\n\t\t\t<div class=\"elementor-spacer-inner\"><\/div>\n\t\t<\/div>\n\t\t\t\t\t\t<\/div>\n\t\t\t\t<\/div>\n\t\t\t\t\t<\/div>\n\t\t<\/div>\n\t\t\t\t\t<\/div>\n\t\t<\/section>\n\t\t\t\t<section class=\"elementor-section elementor-top-section elementor-element elementor-element-b2e4687 elementor-section-boxed elementor-section-height-default elementor-section-height-default sc_fly_static\" data-id=\"b2e4687\" data-element_type=\"section\" data-e-type=\"section\">\n\t\t\t\t\t\t<div class=\"elementor-container elementor-column-gap-extended\">\n\t\t\t\t\t<div class=\"elementor-column elementor-col-100 elementor-top-column elementor-element elementor-element-76f7d87 sc_content_align_inherit sc_layouts_column_icons_position_left sc_fly_static\" data-id=\"76f7d87\" data-element_type=\"column\" data-e-type=\"column\">\n\t\t\t<div class=\"elementor-widget-wrap elementor-element-populated\">\n\t\t\t\t\t\t<div class=\"elementor-element elementor-element-3ae259f sc_fly_static elementor-widget elementor-widget-spacer\" data-id=\"3ae259f\" data-element_type=\"widget\" data-e-type=\"widget\" data-widget_type=\"spacer.default\">\n\t\t\t\t<div class=\"elementor-widget-container\">\n\t\t\t\t\t\t\t<div class=\"elementor-spacer\">\n\t\t\t<div class=\"elementor-spacer-inner\"><\/div>\n\t\t<\/div>\n\t\t\t\t\t\t<\/div>\n\t\t\t\t<\/div>\n\t\t\t\t<div class=\"elementor-element elementor-element-44f02c1 sc_fly_static elementor-widget elementor-widget-text-editor\" data-id=\"44f02c1\" data-element_type=\"widget\" data-e-type=\"widget\" data-widget_type=\"text-editor.default\">\n\t\t\t\t<div class=\"elementor-widget-container\">\n\t\t\t\t\t\t\t\t\t<p class=\"p1\"><b>Conclusion<\/b><b><\/b><\/p><p class=\"p3\">Choisir la bonne station de recharge ne doit pas \u00eatre un d\u00e9fi si vous suivez les bonnes \u00e9tapes. En analysant vos besoins en mati\u00e8re de recharge, en \u00e9valuant soigneusement l'emplacement, en s\u00e9lectionnant la puissance appropri\u00e9e et en investissant dans des fonctions intelligentes, vous vous assurez une solution de recharge efficace et \u00e0 l'\u00e9preuve du temps. A-NET propose des solutions compl\u00e8tes, du conseil \u00e0 l'installation, afin que vous puissiez profiter d'une exp\u00e9rience de recharge durable en toute s\u00e9r\u00e9nit\u00e9.<\/p><p class=\"p3\"><b>Contactez-nous d\u00e8s aujourd'hui pour obtenir des conseils sur mesure !<\/b><\/p>\t\t\t\t\t\t\t\t<\/div>\n\t\t\t\t<\/div>\n\t\t\t\t<div class=\"elementor-element elementor-element-7e44b20 sc_fly_static elementor-widget elementor-widget-spacer\" data-id=\"7e44b20\" data-element_type=\"widget\" data-e-type=\"widget\" data-widget_type=\"spacer.default\">\n\t\t\t\t<div class=\"elementor-widget-container\">\n\t\t\t\t\t\t\t<div class=\"elementor-spacer\">\n\t\t\t<div class=\"elementor-spacer-inner\"><\/div>\n\t\t<\/div>\n\t\t\t\t\t\t<\/div>\n\t\t\t\t<\/div>\n\t\t\t\t\t<\/div>\n\t\t<\/div>\n\t\t\t\t\t<\/div>\n\t\t<\/section>\n\t\t\t\t<\/div>","protected":false},"excerpt":{"rendered":"<p>La transition vers la conduite \u00e9lectrique se d\u00e9veloppe rapidement, et cette transition s'accompagne d'un besoin de solutions de recharge fiables. Que vous soyez un particulier souhaitant recharger \u00e0 domicile ou une entreprise...<\/p>","protected":false},"author":1,"featured_media":943,"comment_status":"open","ping_status":"open","sticky":false,"template":"","format":"standard","meta":{"footnotes":""},"categories":[34],"tags":[],"class_list":["post-1939","post","type-post","status-publish","format-standard","has-post-thumbnail","hentry","category-laadpalen"],"yoast_head":"<!-- This site is optimized with the Yoast SEO Premium plugin v21.7 (Yoast SEO v26.9) - https:\/\/yoast.com\/product\/yoast-seo-premium-wordpress\/ -->\n<title>Welke laadpaal heb ik nodig? | A-net<\/title>\n<meta name=\"description\" content=\"Weet u niet welke laadpaal u nodig heeft? Met ons stappenplan kiest u eenvoudig de ideale laadoplossing op maat!\" \/>\n<meta name=\"robots\" content=\"index, follow, max-snippet:-1, max-image-preview:large, max-video-preview:-1\" \/>\n<link rel=\"canonical\" href=\"https:\/\/a-net-be-867172.hostingersite.com\/hoe-kies-je-de-juiste-laadpaal\/\" \/>\n<meta property=\"og:locale\" content=\"fr_FR\" \/>\n<meta property=\"og:type\" content=\"article\" \/>\n<meta property=\"og:title\" content=\"Hoe kies je de juiste laadpaal?\" \/>\n<meta property=\"og:description\" content=\"Weet u niet welke laadpaal u nodig heeft? Met ons stappenplan kiest u eenvoudig de ideale laadoplossing op maat!\" \/>\n<meta property=\"og:url\" content=\"https:\/\/a-net-be-867172.hostingersite.com\/hoe-kies-je-de-juiste-laadpaal\/\" \/>\n<meta property=\"og:site_name\" content=\"A-NET\" \/>\n<meta property=\"article:published_time\" content=\"2025-01-14T12:02:36+00:00\" \/>\n<meta property=\"article:modified_time\" content=\"2025-01-16T10:11:19+00:00\" \/>\n<meta property=\"og:image\" content=\"https:\/\/a-net-be-867172.hostingersite.com\/wp-content\/uploads\/2024\/10\/new-energy-vehicle-charging-pile-3d-rendering-scaled.jpg\" \/>\n\t<meta property=\"og:image:width\" content=\"2560\" \/>\n\t<meta property=\"og:image:height\" content=\"1600\" \/>\n\t<meta property=\"og:image:type\" content=\"image\/jpeg\" \/>\n<meta name=\"author\" content=\"minima-admin\" \/>\n<meta name=\"twitter:card\" content=\"summary_large_image\" \/>\n<meta name=\"twitter:label1\" content=\"\u00c9crit par\" \/>\n\t<meta name=\"twitter:data1\" content=\"minima-admin\" \/>\n\t<meta name=\"twitter:label2\" content=\"Dur\u00e9e de lecture estim\u00e9e\" \/>\n\t<meta name=\"twitter:data2\" content=\"3 minutes\" \/>\n<script type=\"application\/ld+json\" class=\"yoast-schema-graph\">{\"@context\":\"https:\/\/schema.org\",\"@graph\":[{\"@type\":\"Article\",\"@id\":\"https:\/\/a-net-be-867172.hostingersite.com\/hoe-kies-je-de-juiste-laadpaal\/#article\",\"isPartOf\":{\"@id\":\"https:\/\/a-net-be-867172.hostingersite.com\/hoe-kies-je-de-juiste-laadpaal\/\"},\"author\":{\"name\":\"minima-admin\",\"@id\":\"https:\/\/a-net-be-867172.hostingersite.com\/#\/schema\/person\/83de738378306ec22281e68cf1e77faf\"},\"headline\":\"Hoe kies je de juiste laadpaal?\",\"datePublished\":\"2025-01-14T12:02:36+00:00\",\"dateModified\":\"2025-01-16T10:11:19+00:00\",\"mainEntityOfPage\":{\"@id\":\"https:\/\/a-net-be-867172.hostingersite.com\/hoe-kies-je-de-juiste-laadpaal\/\"},\"wordCount\":479,\"commentCount\":0,\"publisher\":{\"@id\":\"https:\/\/a-net-be-867172.hostingersite.com\/#organization\"},\"image\":{\"@id\":\"https:\/\/a-net-be-867172.hostingersite.com\/hoe-kies-je-de-juiste-laadpaal\/#primaryimage\"},\"thumbnailUrl\":\"https:\/\/a-net.be\/wp-content\/uploads\/2024\/10\/new-energy-vehicle-charging-pile-3d-rendering-scaled.jpg\",\"articleSection\":[\"Laadpalen\"],\"inLanguage\":\"fr-FR\",\"potentialAction\":[{\"@type\":\"CommentAction\",\"name\":\"Comment\",\"target\":[\"https:\/\/a-net-be-867172.hostingersite.com\/hoe-kies-je-de-juiste-laadpaal\/#respond\"]}]},{\"@type\":\"WebPage\",\"@id\":\"https:\/\/a-net-be-867172.hostingersite.com\/hoe-kies-je-de-juiste-laadpaal\/\",\"url\":\"https:\/\/a-net-be-867172.hostingersite.com\/hoe-kies-je-de-juiste-laadpaal\/\",\"name\":\"Welke laadpaal heb ik nodig? | A-net\",\"isPartOf\":{\"@id\":\"https:\/\/a-net-be-867172.hostingersite.com\/#website\"},\"primaryImageOfPage\":{\"@id\":\"https:\/\/a-net-be-867172.hostingersite.com\/hoe-kies-je-de-juiste-laadpaal\/#primaryimage\"},\"image\":{\"@id\":\"https:\/\/a-net-be-867172.hostingersite.com\/hoe-kies-je-de-juiste-laadpaal\/#primaryimage\"},\"thumbnailUrl\":\"https:\/\/a-net.be\/wp-content\/uploads\/2024\/10\/new-energy-vehicle-charging-pile-3d-rendering-scaled.jpg\",\"datePublished\":\"2025-01-14T12:02:36+00:00\",\"dateModified\":\"2025-01-16T10:11:19+00:00\",\"description\":\"Weet u niet welke laadpaal u nodig heeft? Met ons stappenplan kiest u eenvoudig de ideale laadoplossing op maat!\",\"breadcrumb\":{\"@id\":\"https:\/\/a-net-be-867172.hostingersite.com\/hoe-kies-je-de-juiste-laadpaal\/#breadcrumb\"},\"inLanguage\":\"fr-FR\",\"potentialAction\":[{\"@type\":\"ReadAction\",\"target\":[\"https:\/\/a-net-be-867172.hostingersite.com\/hoe-kies-je-de-juiste-laadpaal\/\"]}]},{\"@type\":\"ImageObject\",\"inLanguage\":\"fr-FR\",\"@id\":\"https:\/\/a-net-be-867172.hostingersite.com\/hoe-kies-je-de-juiste-laadpaal\/#primaryimage\",\"url\":\"https:\/\/a-net.be\/wp-content\/uploads\/2024\/10\/new-energy-vehicle-charging-pile-3d-rendering-scaled.jpg\",\"contentUrl\":\"https:\/\/a-net.be\/wp-content\/uploads\/2024\/10\/new-energy-vehicle-charging-pile-3d-rendering-scaled.jpg\",\"width\":2560,\"height\":1600,\"caption\":\"New energy vehicle charging pile, 3d rendering. Digital drawing.\"},{\"@type\":\"BreadcrumbList\",\"@id\":\"https:\/\/a-net-be-867172.hostingersite.com\/hoe-kies-je-de-juiste-laadpaal\/#breadcrumb\",\"itemListElement\":[{\"@type\":\"ListItem\",\"position\":1,\"name\":\"Home\",\"item\":\"https:\/\/a-net.be\/\"},{\"@type\":\"ListItem\",\"position\":2,\"name\":\"Hoe kies je de juiste laadpaal?\"}]},{\"@type\":\"WebSite\",\"@id\":\"https:\/\/a-net-be-867172.hostingersite.com\/#website\",\"url\":\"https:\/\/a-net-be-867172.hostingersite.com\/\",\"name\":\"A-NET\",\"description\":\"\",\"publisher\":{\"@id\":\"https:\/\/a-net-be-867172.hostingersite.com\/#organization\"},\"potentialAction\":[{\"@type\":\"SearchAction\",\"target\":{\"@type\":\"EntryPoint\",\"urlTemplate\":\"https:\/\/a-net-be-867172.hostingersite.com\/?s={search_term_string}\"},\"query-input\":{\"@type\":\"PropertyValueSpecification\",\"valueRequired\":true,\"valueName\":\"search_term_string\"}}],\"inLanguage\":\"fr-FR\"},{\"@type\":\"Organization\",\"@id\":\"https:\/\/a-net-be-867172.hostingersite.com\/#organization\",\"name\":\"A-NET\",\"url\":\"https:\/\/a-net-be-867172.hostingersite.com\/\",\"logo\":{\"@type\":\"ImageObject\",\"inLanguage\":\"fr-FR\",\"@id\":\"https:\/\/a-net-be-867172.hostingersite.com\/#\/schema\/logo\/image\/\",\"url\":\"https:\/\/a-net.be\/wp-content\/uploads\/2024\/10\/cropped-logo-zwart-new.png\",\"contentUrl\":\"https:\/\/a-net.be\/wp-content\/uploads\/2024\/10\/cropped-logo-zwart-new.png\",\"width\":830,\"height\":268,\"caption\":\"A-NET\"},\"image\":{\"@id\":\"https:\/\/a-net-be-867172.hostingersite.com\/#\/schema\/logo\/image\/\"}},{\"@type\":\"Person\",\"@id\":\"https:\/\/a-net-be-867172.hostingersite.com\/#\/schema\/person\/83de738378306ec22281e68cf1e77faf\",\"name\":\"minima-admin\",\"image\":{\"@type\":\"ImageObject\",\"inLanguage\":\"fr-FR\",\"@id\":\"https:\/\/a-net-be-867172.hostingersite.com\/#\/schema\/person\/image\/\",\"url\":\"https:\/\/secure.gravatar.com\/avatar\/324374a90592a6d959ffe02513fb16fef9f76cb81128d18c928c30d5feb9d2b3?s=96&d=mm&r=g\",\"contentUrl\":\"https:\/\/secure.gravatar.com\/avatar\/324374a90592a6d959ffe02513fb16fef9f76cb81128d18c928c30d5feb9d2b3?s=96&d=mm&r=g\",\"caption\":\"minima-admin\"},\"sameAs\":[\"https:\/\/a-net.be\"],\"url\":\"https:\/\/a-net.be\/fr\/author\/minima-admin\/\"}]}<\/script>\n<!-- \/ Yoast SEO Premium plugin. -->","yoast_head_json":{"title":"Welke laadpaal heb ik nodig? | A-net","description":"Weet u niet welke laadpaal u nodig heeft? Met ons stappenplan kiest u eenvoudig de ideale laadoplossing op maat!","robots":{"index":"index","follow":"follow","max-snippet":"max-snippet:-1","max-image-preview":"max-image-preview:large","max-video-preview":"max-video-preview:-1"},"canonical":"https:\/\/a-net-be-867172.hostingersite.com\/hoe-kies-je-de-juiste-laadpaal\/","og_locale":"fr_FR","og_type":"article","og_title":"Hoe kies je de juiste laadpaal?","og_description":"Weet u niet welke laadpaal u nodig heeft? Met ons stappenplan kiest u eenvoudig de ideale laadoplossing op maat!","og_url":"https:\/\/a-net-be-867172.hostingersite.com\/hoe-kies-je-de-juiste-laadpaal\/","og_site_name":"A-NET","article_published_time":"2025-01-14T12:02:36+00:00","article_modified_time":"2025-01-16T10:11:19+00:00","og_image":[{"width":2560,"height":1600,"url":"https:\/\/a-net-be-867172.hostingersite.com\/wp-content\/uploads\/2024\/10\/new-energy-vehicle-charging-pile-3d-rendering-scaled.jpg","type":"image\/jpeg"}],"author":"minima-admin","twitter_card":"summary_large_image","twitter_misc":{"\u00c9crit par":"minima-admin","Dur\u00e9e de lecture estim\u00e9e":"3 minutes"},"schema":{"@context":"https:\/\/schema.org","@graph":[{"@type":"Article","@id":"https:\/\/a-net-be-867172.hostingersite.com\/hoe-kies-je-de-juiste-laadpaal\/#article","isPartOf":{"@id":"https:\/\/a-net-be-867172.hostingersite.com\/hoe-kies-je-de-juiste-laadpaal\/"},"author":{"name":"minima-admin","@id":"https:\/\/a-net-be-867172.hostingersite.com\/#\/schema\/person\/83de738378306ec22281e68cf1e77faf"},"headline":"Hoe kies je de juiste laadpaal?","datePublished":"2025-01-14T12:02:36+00:00","dateModified":"2025-01-16T10:11:19+00:00","mainEntityOfPage":{"@id":"https:\/\/a-net-be-867172.hostingersite.com\/hoe-kies-je-de-juiste-laadpaal\/"},"wordCount":479,"commentCount":0,"publisher":{"@id":"https:\/\/a-net-be-867172.hostingersite.com\/#organization"},"image":{"@id":"https:\/\/a-net-be-867172.hostingersite.com\/hoe-kies-je-de-juiste-laadpaal\/#primaryimage"},"thumbnailUrl":"https:\/\/a-net.be\/wp-content\/uploads\/2024\/10\/new-energy-vehicle-charging-pile-3d-rendering-scaled.jpg","articleSection":["Laadpalen"],"inLanguage":"fr-FR","potentialAction":[{"@type":"CommentAction","name":"Comment","target":["https:\/\/a-net-be-867172.hostingersite.com\/hoe-kies-je-de-juiste-laadpaal\/#respond"]}]},{"@type":"WebPage","@id":"https:\/\/a-net-be-867172.hostingersite.com\/hoe-kies-je-de-juiste-laadpaal\/","url":"https:\/\/a-net-be-867172.hostingersite.com\/hoe-kies-je-de-juiste-laadpaal\/","name":"Welke laadpaal heb ik nodig? | A-net","isPartOf":{"@id":"https:\/\/a-net-be-867172.hostingersite.com\/#website"},"primaryImageOfPage":{"@id":"https:\/\/a-net-be-867172.hostingersite.com\/hoe-kies-je-de-juiste-laadpaal\/#primaryimage"},"image":{"@id":"https:\/\/a-net-be-867172.hostingersite.com\/hoe-kies-je-de-juiste-laadpaal\/#primaryimage"},"thumbnailUrl":"https:\/\/a-net.be\/wp-content\/uploads\/2024\/10\/new-energy-vehicle-charging-pile-3d-rendering-scaled.jpg","datePublished":"2025-01-14T12:02:36+00:00","dateModified":"2025-01-16T10:11:19+00:00","description":"Weet u niet welke laadpaal u nodig heeft? Met ons stappenplan kiest u eenvoudig de ideale laadoplossing op maat!","breadcrumb":{"@id":"https:\/\/a-net-be-867172.hostingersite.com\/hoe-kies-je-de-juiste-laadpaal\/#breadcrumb"},"inLanguage":"fr-FR","potentialAction":[{"@type":"ReadAction","target":["https:\/\/a-net-be-867172.hostingersite.com\/hoe-kies-je-de-juiste-laadpaal\/"]}]},{"@type":"ImageObject","inLanguage":"fr-FR","@id":"https:\/\/a-net-be-867172.hostingersite.com\/hoe-kies-je-de-juiste-laadpaal\/#primaryimage","url":"https:\/\/a-net.be\/wp-content\/uploads\/2024\/10\/new-energy-vehicle-charging-pile-3d-rendering-scaled.jpg","contentUrl":"https:\/\/a-net.be\/wp-content\/uploads\/2024\/10\/new-energy-vehicle-charging-pile-3d-rendering-scaled.jpg","width":2560,"height":1600,"caption":"New energy vehicle charging pile, 3d rendering. Digital drawing."},{"@type":"BreadcrumbList","@id":"https:\/\/a-net-be-867172.hostingersite.com\/hoe-kies-je-de-juiste-laadpaal\/#breadcrumb","itemListElement":[{"@type":"ListItem","position":1,"name":"Home","item":"https:\/\/a-net.be\/"},{"@type":"ListItem","position":2,"name":"Hoe kies je de juiste laadpaal?"}]},{"@type":"WebSite","@id":"https:\/\/a-net-be-867172.hostingersite.com\/#website","url":"https:\/\/a-net-be-867172.hostingersite.com\/","name":"A-NET","description":"","publisher":{"@id":"https:\/\/a-net-be-867172.hostingersite.com\/#organization"},"potentialAction":[{"@type":"SearchAction","target":{"@type":"EntryPoint","urlTemplate":"https:\/\/a-net-be-867172.hostingersite.com\/?s={search_term_string}"},"query-input":{"@type":"PropertyValueSpecification","valueRequired":true,"valueName":"search_term_string"}}],"inLanguage":"fr-FR"},{"@type":"Organization","@id":"https:\/\/a-net-be-867172.hostingersite.com\/#organization","name":"A-NET","url":"https:\/\/a-net-be-867172.hostingersite.com\/","logo":{"@type":"ImageObject","inLanguage":"fr-FR","@id":"https:\/\/a-net-be-867172.hostingersite.com\/#\/schema\/logo\/image\/","url":"https:\/\/a-net.be\/wp-content\/uploads\/2024\/10\/cropped-logo-zwart-new.png","contentUrl":"https:\/\/a-net.be\/wp-content\/uploads\/2024\/10\/cropped-logo-zwart-new.png","width":830,"height":268,"caption":"A-NET"},"image":{"@id":"https:\/\/a-net-be-867172.hostingersite.com\/#\/schema\/logo\/image\/"}},{"@type":"Person","@id":"https:\/\/a-net-be-867172.hostingersite.com\/#\/schema\/person\/83de738378306ec22281e68cf1e77faf","name":"minima-admin","image":{"@type":"ImageObject","inLanguage":"fr-FR","@id":"https:\/\/a-net-be-867172.hostingersite.com\/#\/schema\/person\/image\/","url":"https:\/\/secure.gravatar.com\/avatar\/324374a90592a6d959ffe02513fb16fef9f76cb81128d18c928c30d5feb9d2b3?s=96&d=mm&r=g","contentUrl":"https:\/\/secure.gravatar.com\/avatar\/324374a90592a6d959ffe02513fb16fef9f76cb81128d18c928c30d5feb9d2b3?s=96&d=mm&r=g","caption":"minima-admin"},"sameAs":["https:\/\/a-net.be"],"url":"https:\/\/a-net.be\/fr\/author\/minima-admin\/"}]}},"_links":{"self":[{"href":"https:\/\/a-net.be\/fr\/wp-json\/wp\/v2\/posts\/1939","targetHints":{"allow":["GET"]}}],"collection":[{"href":"https:\/\/a-net.be\/fr\/wp-json\/wp\/v2\/posts"}],"about":[{"href":"https:\/\/a-net.be\/fr\/wp-json\/wp\/v2\/types\/post"}],"author":[{"embeddable":true,"href":"https:\/\/a-net.be\/fr\/wp-json\/wp\/v2\/users\/1"}],"replies":[{"embeddable":true,"href":"https:\/\/a-net.be\/fr\/wp-json\/wp\/v2\/comments?post=1939"}],"version-history":[{"count":12,"href":"https:\/\/a-net.be\/fr\/wp-json\/wp\/v2\/posts\/1939\/revisions"}],"predecessor-version":[{"id":1958,"href":"https:\/\/a-net.be\/fr\/wp-json\/wp\/v2\/posts\/1939\/revisions\/1958"}],"wp:featuredmedia":[{"embeddable":true,"href":"https:\/\/a-net.be\/fr\/wp-json\/wp\/v2\/media\/943"}],"wp:attachment":[{"href":"https:\/\/a-net.be\/fr\/wp-json\/wp\/v2\/media?parent=1939"}],"wp:term":[{"taxonomy":"category","embeddable":true,"href":"https:\/\/a-net.be\/fr\/wp-json\/wp\/v2\/categories?post=1939"},{"taxonomy":"post_tag","embeddable":true,"href":"https:\/\/a-net.be\/fr\/wp-json\/wp\/v2\/tags?post=1939"}],"curies":[{"name":"wp","href":"https:\/\/api.w.org\/{rel}","templated":true}]}}