{"id":2171,"date":"2025-04-22T06:00:30","date_gmt":"2025-04-22T06:00:30","guid":{"rendered":"https:\/\/a-net.be\/?p=2171"},"modified":"2025-03-17T10:08:32","modified_gmt":"2025-03-17T10:08:32","slug":"alles-over-de-transitie-naar-elektrisch-rijden","status":"publish","type":"post","link":"https:\/\/a-net.be\/fr\/alles-over-de-transitie-naar-elektrisch-rijden\/","title":{"rendered":"Tout sur la transition vers la conduite \u00e9lectrique"},"content":{"rendered":"<p>La transition vers la conduite \u00e9lectrique bat son plein. De plus en plus d'entreprises investissent dans des stations de recharge, \u00e0 la fois pour soutenir leur propre flotte et pour offrir aux employ\u00e9s et aux visiteurs une option de recharge. Mais que doit prendre en compte une entreprise lorsqu'elle passe \u00e0 la mobilit\u00e9 \u00e9lectrique ? Dans ce blog, nous discutons des avantages, de l'importance d'une \u00e9tude de site et des subventions et r\u00e9glementations disponibles pour l'installation de bornes de recharge.<\/p>\n<p><strong>1. Les avantages des bornes de recharge pour les entreprises et leurs employ\u00e9s<\/strong><\/p>\n<p>Les v\u00e9hicules \u00e9lectriques (VE) sont de plus en plus populaires, et pour cause. En investissant dans des bornes de recharge, une entreprise s'inscrit non seulement dans un avenir durable, mais b\u00e9n\u00e9ficie \u00e9galement de divers avantages commerciaux.<\/p>\n<p><strong>Avantages pour les entreprises :<\/strong><\/p>\n<p>- <strong>Image durable :<\/strong> Les entreprises qui investissent dans des stations de recharge d\u00e9montrent leur engagement en faveur du d\u00e9veloppement durable et de l'innovation. Cela peut contribuer \u00e0 renforcer leur r\u00e9putation et leur attrait pour les clients et les partenaires.<\/p>\n<p>- <strong>R\u00e9duction des co\u00fbts \u00e0 long terme :<\/strong> La conduite \u00e9lectrique est souvent moins co\u00fbteuse que les carburants traditionnels. Les entreprises qui disposent de leur propre r\u00e9seau de recharge peuvent \u00e9conomiser des co\u00fbts sur les quotas de carburant et acheter de l'\u00e9nergie de mani\u00e8re intelligente.<\/p>\n<p>- <strong>Attractif pour les employ\u00e9s :<\/strong> De nombreux employ\u00e9s passent \u00e0 la conduite \u00e9lectrique et attendent de leur employeur qu'il mette \u00e0 leur disposition des installations de recharge. Cela peut \u00eatre un avantage cl\u00e9 pour attirer et retenir les talents.<\/p>\n<p>- <strong>Source de revenus suppl\u00e9mentaire :<\/strong> Les entreprises peuvent rendre les stations de recharge accessibles aux personnes ext\u00e9rieures et proposer des options de recharge payantes, cr\u00e9ant ainsi une source de revenus suppl\u00e9mentaire.<\/p>\n<p><strong>Avantages pour les employ\u00e9s :<\/strong><\/p>\n<p>- <strong>Commodit\u00e9 :<\/strong> Les employ\u00e9s peuvent recharger leur voiture pendant les heures de travail et ne doivent plus d\u00e9pendre des stations de recharge publiques.<\/p>\n<p>- <strong>R\u00e9duction des co\u00fbts :<\/strong> Les entreprises peuvent subventionner partiellement ou totalement les installations de recharge, ce qui permet aux employ\u00e9s de rouler \u00e0 l'\u00e9lectricit\u00e9 \u00e0 moindre co\u00fbt.<\/p>\n<p>- <strong>Mobilit\u00e9 durable :<\/strong> La conduite \u00e9lectrique r\u00e9duit les \u00e9missions de CO\u2082 et contribue \u00e0 un environnement de travail plus propre.<\/p>\n<p><strong>2. Comment une \u00e9tude de site aide \u00e0 choisir le meilleur emplacement possible<\/strong><\/p>\n<p>L'\u00e9tude du site est une \u00e9tape essentielle lors de l'installation de bornes de recharge. Cette \u00e9tude permet de d\u00e9terminer les emplacements les plus efficaces et les plus rentables dans les locaux.<\/p>\n<p><strong>Facteurs importants dans une \u00e9tude de site :<\/strong><\/p>\n<p>- <strong>Capacit\u00e9 de puissance disponible :<\/strong> Quelle est la puissance disponible et une extension est-elle n\u00e9cessaire ? Une analyse du r\u00e9seau \u00e9lectrique permet de d\u00e9terminer le nombre de bornes de recharge qui peuvent \u00eatre install\u00e9es et si un renforcement du r\u00e9seau est n\u00e9cessaire.<\/p>\n<p>- <strong>Situation et accessibilit\u00e9 :<\/strong> Les points de recharge doivent \u00eatre plac\u00e9s de mani\u00e8re strat\u00e9gique afin d'\u00eatre facilement accessibles et d'utiliser au mieux le site. Envisagez des places de stationnement \u00e0 proximit\u00e9 du b\u00e2timent ou des zones de recharge r\u00e9serv\u00e9es aux visiteurs et aux employ\u00e9s.<\/p>\n<p>- <strong>Expansion future :<\/strong> La demande de bornes de recharge augmente. Une \u00e9tude de site permet de prendre en compte l'expansion future d\u00e8s maintenant afin d'\u00e9viter les r\u00e9investissements inutiles.<\/p>\n<p>- <strong>Type de stations de recharge :<\/strong> Bornes de recharge rapide, chargeurs \u00e0 courant alternatif ordinaires ou une combinaison des deux ? Le choix d\u00e9pend de l'utilisation : les voitures de soci\u00e9t\u00e9 peuvent b\u00e9n\u00e9ficier de chargeurs rapides, tandis que les employ\u00e9s peuvent recharger lentement leur voiture pendant la journ\u00e9e.<\/p>\n<p>Gr\u00e2ce \u00e0 une \u00e9tude approfondie du site, les entreprises peuvent investir plus efficacement et \u00e9viter des co\u00fbts impr\u00e9vus \u00e0 l'avenir.<\/p>\n<p><strong>3. Subventions et r\u00e9glementations relatives \u00e0 l'installation de bornes de recharge<\/strong><\/p>\n<p>Le gouvernement encourage les entreprises \u00e0 investir dans les stations de recharge par le biais de diverses subventions et d'all\u00e8gements fiscaux. Cela rend le changement plus attrayant sur le plan financier et aide les entreprises \u00e0 devenir plus durables plus rapidement.<\/p>\n<p><strong>Quelques r\u00e8glements cl\u00e9s :<\/strong><\/p>\n<p>- <strong>D\u00e9ductions pour investissement et all\u00e8gements fiscaux :<\/strong> En Belgique, les entreprises peuvent b\u00e9n\u00e9ficier de d\u00e9ductions accrues pour les investissements dans les infrastructures de recharge. Cela signifie qu'une partie des co\u00fbts est d\u00e9ductible fiscalement.<\/p>\n<p>- <strong>Subventions par r\u00e9gion :<\/strong> Les gouvernements flamand, wallon et bruxellois offrent des subventions sp\u00e9cifiques pour l'installation de stations de recharge, en fonction de l'emplacement et du type d'entreprise.<\/p>\n<p>- <strong>Avantages de l'\u00e9nergie verte :<\/strong> Les entreprises qui combinent les stations de recharge avec des panneaux solaires ou d'autres sources d'\u00e9nergie renouvelables peuvent recevoir des subventions suppl\u00e9mentaires.<\/p>\n<p>- <strong>Solutions de recharge intelligentes :<\/strong> Certaines subventions ciblent sp\u00e9cifiquement les stations de recharge \"intelligentes\" qui r\u00e9duisent la charge sur le r\u00e9seau en chargeant dynamiquement lorsque le prix de l'\u00e9nergie est bas.<\/p>\n<p>En outre, les entreprises doivent prendre en compte les \u00e9l\u00e9ments suivants <strong>r\u00e8glements sur les points de charge publics et priv\u00e9s<\/strong>. Il s'agit notamment de lignes directrices sur l'accessibilit\u00e9 des bornes de recharge dans les parkings des entreprises et de normes pour la facturation de frais lorsque les employ\u00e9s rechargent leur voiture de fonction \u00e0 leur domicile.<\/p>\n<p><strong>Conclusion<\/strong><\/p>\n<p>Pour de nombreuses entreprises, le passage \u00e0 la conduite \u00e9lectrique n'est plus une question, mais une question de temps. En investissant \u00e0 temps dans des bornes de recharge, les entreprises peuvent b\u00e9n\u00e9ficier d'avantages financiers, se forger une image plus durable et mieux accompagner leurs employ\u00e9s dans la transition.<\/p>\n<p>Vous voulez en savoir plus sur les possibilit\u00e9s qui s'offrent \u00e0 votre entreprise ? A-NET vous aide en vous conseillant, en r\u00e9alisant une \u00e9tude approfondie du site et en installant efficacement les bornes de recharge. Contactez-nous pour savoir comment nous pouvons aider votre entreprise \u00e0 passer \u00e0 la mobilit\u00e9 \u00e9lectrique.<\/p>\n<p><!-- notionvc: b83aefa3-374e-4c90-a989-00c324d1038d --><\/p>","protected":false},"excerpt":{"rendered":"<p>La transition vers la conduite \u00e9lectrique bat son plein. De plus en plus d'entreprises investissent dans des stations de recharge, \u00e0 la fois pour soutenir leur propre flotte et pour offrir aux employ\u00e9s et aux visiteurs une option de recharge,...<\/p>","protected":false},"author":1,"featured_media":2172,"comment_status":"open","ping_status":"open","sticky":false,"template":"","format":"standard","meta":{"footnotes":""},"categories":[34],"tags":[],"class_list":["post-2171","post","type-post","status-publish","format-standard","has-post-thumbnail","hentry","category-laadpalen"],"yoast_head":"<!-- This site is optimized with the Yoast SEO Premium plugin v21.7 (Yoast SEO v26.9) - https:\/\/yoast.com\/product\/yoast-seo-premium-wordpress\/ -->\n<title>Alles over de transitie naar elektrisch rijden - A-NET<\/title>\n<meta name=\"description\" content=\"De transitie naar elektrisch rijden is in volle gang. Steeds meer bedrijven investeren in laadpalen, zowel om hun eigen wagenpark te ondersteunen als om medewerkers en bezoekers een oplaadmogelijkheid te bieden.\" \/>\n<meta name=\"robots\" content=\"index, follow, max-snippet:-1, max-image-preview:large, max-video-preview:-1\" \/>\n<link rel=\"canonical\" href=\"https:\/\/a-net-be-867172.hostingersite.com\/alles-over-de-transitie-naar-elektrisch-rijden\/\" \/>\n<meta property=\"og:locale\" content=\"fr_FR\" \/>\n<meta property=\"og:type\" content=\"article\" \/>\n<meta property=\"og:title\" content=\"Alles over de transitie naar elektrisch rijden\" \/>\n<meta property=\"og:description\" content=\"De transitie naar elektrisch rijden is in volle gang. Steeds meer bedrijven investeren in laadpalen, zowel om hun eigen wagenpark te ondersteunen als om medewerkers en bezoekers een oplaadmogelijkheid te bieden.\" \/>\n<meta property=\"og:url\" content=\"https:\/\/a-net-be-867172.hostingersite.com\/alles-over-de-transitie-naar-elektrisch-rijden\/\" \/>\n<meta property=\"og:site_name\" content=\"A-NET\" \/>\n<meta property=\"article:published_time\" content=\"2025-04-22T06:00:30+00:00\" \/>\n<meta property=\"og:image\" content=\"https:\/\/a-net-be-867172.hostingersite.com\/wp-content\/uploads\/2025\/03\/young-female-driver-pointing-display-while-choosing-destination-place-scaled.jpg\" \/>\n\t<meta property=\"og:image:width\" content=\"2560\" \/>\n\t<meta property=\"og:image:height\" content=\"1707\" \/>\n\t<meta property=\"og:image:type\" content=\"image\/jpeg\" \/>\n<meta name=\"author\" content=\"minima-admin\" \/>\n<meta name=\"twitter:card\" content=\"summary_large_image\" \/>\n<meta name=\"twitter:label1\" content=\"\u00c9crit par\" \/>\n\t<meta name=\"twitter:data1\" content=\"minima-admin\" \/>\n\t<meta name=\"twitter:label2\" content=\"Dur\u00e9e de lecture estim\u00e9e\" \/>\n\t<meta name=\"twitter:data2\" content=\"4 minutes\" \/>\n<script type=\"application\/ld+json\" class=\"yoast-schema-graph\">{\"@context\":\"https:\/\/schema.org\",\"@graph\":[{\"@type\":\"Article\",\"@id\":\"https:\/\/a-net-be-867172.hostingersite.com\/alles-over-de-transitie-naar-elektrisch-rijden\/#article\",\"isPartOf\":{\"@id\":\"https:\/\/a-net-be-867172.hostingersite.com\/alles-over-de-transitie-naar-elektrisch-rijden\/\"},\"author\":{\"name\":\"minima-admin\",\"@id\":\"https:\/\/a-net-be-867172.hostingersite.com\/#\/schema\/person\/83de738378306ec22281e68cf1e77faf\"},\"headline\":\"Alles over de transitie naar elektrisch rijden\",\"datePublished\":\"2025-04-22T06:00:30+00:00\",\"mainEntityOfPage\":{\"@id\":\"https:\/\/a-net-be-867172.hostingersite.com\/alles-over-de-transitie-naar-elektrisch-rijden\/\"},\"wordCount\":704,\"commentCount\":0,\"publisher\":{\"@id\":\"https:\/\/a-net-be-867172.hostingersite.com\/#organization\"},\"image\":{\"@id\":\"https:\/\/a-net-be-867172.hostingersite.com\/alles-over-de-transitie-naar-elektrisch-rijden\/#primaryimage\"},\"thumbnailUrl\":\"https:\/\/a-net.be\/wp-content\/uploads\/2025\/03\/young-female-driver-pointing-display-while-choosing-destination-place-scaled.jpg\",\"articleSection\":[\"Laadpalen\"],\"inLanguage\":\"fr-FR\",\"potentialAction\":[{\"@type\":\"CommentAction\",\"name\":\"Comment\",\"target\":[\"https:\/\/a-net-be-867172.hostingersite.com\/alles-over-de-transitie-naar-elektrisch-rijden\/#respond\"]}]},{\"@type\":\"WebPage\",\"@id\":\"https:\/\/a-net-be-867172.hostingersite.com\/alles-over-de-transitie-naar-elektrisch-rijden\/\",\"url\":\"https:\/\/a-net-be-867172.hostingersite.com\/alles-over-de-transitie-naar-elektrisch-rijden\/\",\"name\":\"Alles over de transitie naar elektrisch rijden - A-NET\",\"isPartOf\":{\"@id\":\"https:\/\/a-net-be-867172.hostingersite.com\/#website\"},\"primaryImageOfPage\":{\"@id\":\"https:\/\/a-net-be-867172.hostingersite.com\/alles-over-de-transitie-naar-elektrisch-rijden\/#primaryimage\"},\"image\":{\"@id\":\"https:\/\/a-net-be-867172.hostingersite.com\/alles-over-de-transitie-naar-elektrisch-rijden\/#primaryimage\"},\"thumbnailUrl\":\"https:\/\/a-net.be\/wp-content\/uploads\/2025\/03\/young-female-driver-pointing-display-while-choosing-destination-place-scaled.jpg\",\"datePublished\":\"2025-04-22T06:00:30+00:00\",\"description\":\"De transitie naar elektrisch rijden is in volle gang. Steeds meer bedrijven investeren in laadpalen, zowel om hun eigen wagenpark te ondersteunen als om medewerkers en bezoekers een oplaadmogelijkheid te bieden.\",\"breadcrumb\":{\"@id\":\"https:\/\/a-net-be-867172.hostingersite.com\/alles-over-de-transitie-naar-elektrisch-rijden\/#breadcrumb\"},\"inLanguage\":\"fr-FR\",\"potentialAction\":[{\"@type\":\"ReadAction\",\"target\":[\"https:\/\/a-net-be-867172.hostingersite.com\/alles-over-de-transitie-naar-elektrisch-rijden\/\"]}]},{\"@type\":\"ImageObject\",\"inLanguage\":\"fr-FR\",\"@id\":\"https:\/\/a-net-be-867172.hostingersite.com\/alles-over-de-transitie-naar-elektrisch-rijden\/#primaryimage\",\"url\":\"https:\/\/a-net.be\/wp-content\/uploads\/2025\/03\/young-female-driver-pointing-display-while-choosing-destination-place-scaled.jpg\",\"contentUrl\":\"https:\/\/a-net.be\/wp-content\/uploads\/2025\/03\/young-female-driver-pointing-display-while-choosing-destination-place-scaled.jpg\",\"width\":2560,\"height\":1707,\"caption\":\"Young female driver sitting in car and pointing at display while choosing destination place\"},{\"@type\":\"BreadcrumbList\",\"@id\":\"https:\/\/a-net-be-867172.hostingersite.com\/alles-over-de-transitie-naar-elektrisch-rijden\/#breadcrumb\",\"itemListElement\":[{\"@type\":\"ListItem\",\"position\":1,\"name\":\"Home\",\"item\":\"https:\/\/a-net.be\/\"},{\"@type\":\"ListItem\",\"position\":2,\"name\":\"Alles over de transitie naar elektrisch rijden\"}]},{\"@type\":\"WebSite\",\"@id\":\"https:\/\/a-net-be-867172.hostingersite.com\/#website\",\"url\":\"https:\/\/a-net-be-867172.hostingersite.com\/\",\"name\":\"A-NET\",\"description\":\"\",\"publisher\":{\"@id\":\"https:\/\/a-net-be-867172.hostingersite.com\/#organization\"},\"potentialAction\":[{\"@type\":\"SearchAction\",\"target\":{\"@type\":\"EntryPoint\",\"urlTemplate\":\"https:\/\/a-net-be-867172.hostingersite.com\/?s={search_term_string}\"},\"query-input\":{\"@type\":\"PropertyValueSpecification\",\"valueRequired\":true,\"valueName\":\"search_term_string\"}}],\"inLanguage\":\"fr-FR\"},{\"@type\":\"Organization\",\"@id\":\"https:\/\/a-net-be-867172.hostingersite.com\/#organization\",\"name\":\"A-NET\",\"url\":\"https:\/\/a-net-be-867172.hostingersite.com\/\",\"logo\":{\"@type\":\"ImageObject\",\"inLanguage\":\"fr-FR\",\"@id\":\"https:\/\/a-net-be-867172.hostingersite.com\/#\/schema\/logo\/image\/\",\"url\":\"https:\/\/a-net.be\/wp-content\/uploads\/2024\/10\/cropped-logo-zwart-new.png\",\"contentUrl\":\"https:\/\/a-net.be\/wp-content\/uploads\/2024\/10\/cropped-logo-zwart-new.png\",\"width\":830,\"height\":268,\"caption\":\"A-NET\"},\"image\":{\"@id\":\"https:\/\/a-net-be-867172.hostingersite.com\/#\/schema\/logo\/image\/\"}},{\"@type\":\"Person\",\"@id\":\"https:\/\/a-net-be-867172.hostingersite.com\/#\/schema\/person\/83de738378306ec22281e68cf1e77faf\",\"name\":\"minima-admin\",\"image\":{\"@type\":\"ImageObject\",\"inLanguage\":\"fr-FR\",\"@id\":\"https:\/\/a-net-be-867172.hostingersite.com\/#\/schema\/person\/image\/\",\"url\":\"https:\/\/secure.gravatar.com\/avatar\/324374a90592a6d959ffe02513fb16fef9f76cb81128d18c928c30d5feb9d2b3?s=96&d=mm&r=g\",\"contentUrl\":\"https:\/\/secure.gravatar.com\/avatar\/324374a90592a6d959ffe02513fb16fef9f76cb81128d18c928c30d5feb9d2b3?s=96&d=mm&r=g\",\"caption\":\"minima-admin\"},\"sameAs\":[\"https:\/\/a-net.be\"],\"url\":\"https:\/\/a-net.be\/fr\/author\/minima-admin\/\"}]}<\/script>\n<!-- \/ Yoast SEO Premium plugin. -->","yoast_head_json":{"title":"Alles over de transitie naar elektrisch rijden - A-NET","description":"De transitie naar elektrisch rijden is in volle gang. Steeds meer bedrijven investeren in laadpalen, zowel om hun eigen wagenpark te ondersteunen als om medewerkers en bezoekers een oplaadmogelijkheid te bieden.","robots":{"index":"index","follow":"follow","max-snippet":"max-snippet:-1","max-image-preview":"max-image-preview:large","max-video-preview":"max-video-preview:-1"},"canonical":"https:\/\/a-net-be-867172.hostingersite.com\/alles-over-de-transitie-naar-elektrisch-rijden\/","og_locale":"fr_FR","og_type":"article","og_title":"Alles over de transitie naar elektrisch rijden","og_description":"De transitie naar elektrisch rijden is in volle gang. Steeds meer bedrijven investeren in laadpalen, zowel om hun eigen wagenpark te ondersteunen als om medewerkers en bezoekers een oplaadmogelijkheid te bieden.","og_url":"https:\/\/a-net-be-867172.hostingersite.com\/alles-over-de-transitie-naar-elektrisch-rijden\/","og_site_name":"A-NET","article_published_time":"2025-04-22T06:00:30+00:00","og_image":[{"width":2560,"height":1707,"url":"https:\/\/a-net-be-867172.hostingersite.com\/wp-content\/uploads\/2025\/03\/young-female-driver-pointing-display-while-choosing-destination-place-scaled.jpg","type":"image\/jpeg"}],"author":"minima-admin","twitter_card":"summary_large_image","twitter_misc":{"\u00c9crit par":"minima-admin","Dur\u00e9e de lecture estim\u00e9e":"4 minutes"},"schema":{"@context":"https:\/\/schema.org","@graph":[{"@type":"Article","@id":"https:\/\/a-net-be-867172.hostingersite.com\/alles-over-de-transitie-naar-elektrisch-rijden\/#article","isPartOf":{"@id":"https:\/\/a-net-be-867172.hostingersite.com\/alles-over-de-transitie-naar-elektrisch-rijden\/"},"author":{"name":"minima-admin","@id":"https:\/\/a-net-be-867172.hostingersite.com\/#\/schema\/person\/83de738378306ec22281e68cf1e77faf"},"headline":"Alles over de transitie naar elektrisch rijden","datePublished":"2025-04-22T06:00:30+00:00","mainEntityOfPage":{"@id":"https:\/\/a-net-be-867172.hostingersite.com\/alles-over-de-transitie-naar-elektrisch-rijden\/"},"wordCount":704,"commentCount":0,"publisher":{"@id":"https:\/\/a-net-be-867172.hostingersite.com\/#organization"},"image":{"@id":"https:\/\/a-net-be-867172.hostingersite.com\/alles-over-de-transitie-naar-elektrisch-rijden\/#primaryimage"},"thumbnailUrl":"https:\/\/a-net.be\/wp-content\/uploads\/2025\/03\/young-female-driver-pointing-display-while-choosing-destination-place-scaled.jpg","articleSection":["Laadpalen"],"inLanguage":"fr-FR","potentialAction":[{"@type":"CommentAction","name":"Comment","target":["https:\/\/a-net-be-867172.hostingersite.com\/alles-over-de-transitie-naar-elektrisch-rijden\/#respond"]}]},{"@type":"WebPage","@id":"https:\/\/a-net-be-867172.hostingersite.com\/alles-over-de-transitie-naar-elektrisch-rijden\/","url":"https:\/\/a-net-be-867172.hostingersite.com\/alles-over-de-transitie-naar-elektrisch-rijden\/","name":"Alles over de transitie naar elektrisch rijden - A-NET","isPartOf":{"@id":"https:\/\/a-net-be-867172.hostingersite.com\/#website"},"primaryImageOfPage":{"@id":"https:\/\/a-net-be-867172.hostingersite.com\/alles-over-de-transitie-naar-elektrisch-rijden\/#primaryimage"},"image":{"@id":"https:\/\/a-net-be-867172.hostingersite.com\/alles-over-de-transitie-naar-elektrisch-rijden\/#primaryimage"},"thumbnailUrl":"https:\/\/a-net.be\/wp-content\/uploads\/2025\/03\/young-female-driver-pointing-display-while-choosing-destination-place-scaled.jpg","datePublished":"2025-04-22T06:00:30+00:00","description":"De transitie naar elektrisch rijden is in volle gang. Steeds meer bedrijven investeren in laadpalen, zowel om hun eigen wagenpark te ondersteunen als om medewerkers en bezoekers een oplaadmogelijkheid te bieden.","breadcrumb":{"@id":"https:\/\/a-net-be-867172.hostingersite.com\/alles-over-de-transitie-naar-elektrisch-rijden\/#breadcrumb"},"inLanguage":"fr-FR","potentialAction":[{"@type":"ReadAction","target":["https:\/\/a-net-be-867172.hostingersite.com\/alles-over-de-transitie-naar-elektrisch-rijden\/"]}]},{"@type":"ImageObject","inLanguage":"fr-FR","@id":"https:\/\/a-net-be-867172.hostingersite.com\/alles-over-de-transitie-naar-elektrisch-rijden\/#primaryimage","url":"https:\/\/a-net.be\/wp-content\/uploads\/2025\/03\/young-female-driver-pointing-display-while-choosing-destination-place-scaled.jpg","contentUrl":"https:\/\/a-net.be\/wp-content\/uploads\/2025\/03\/young-female-driver-pointing-display-while-choosing-destination-place-scaled.jpg","width":2560,"height":1707,"caption":"Young female driver sitting in car and pointing at display while choosing destination place"},{"@type":"BreadcrumbList","@id":"https:\/\/a-net-be-867172.hostingersite.com\/alles-over-de-transitie-naar-elektrisch-rijden\/#breadcrumb","itemListElement":[{"@type":"ListItem","position":1,"name":"Home","item":"https:\/\/a-net.be\/"},{"@type":"ListItem","position":2,"name":"Alles over de transitie naar elektrisch rijden"}]},{"@type":"WebSite","@id":"https:\/\/a-net-be-867172.hostingersite.com\/#website","url":"https:\/\/a-net-be-867172.hostingersite.com\/","name":"A-NET","description":"","publisher":{"@id":"https:\/\/a-net-be-867172.hostingersite.com\/#organization"},"potentialAction":[{"@type":"SearchAction","target":{"@type":"EntryPoint","urlTemplate":"https:\/\/a-net-be-867172.hostingersite.com\/?s={search_term_string}"},"query-input":{"@type":"PropertyValueSpecification","valueRequired":true,"valueName":"search_term_string"}}],"inLanguage":"fr-FR"},{"@type":"Organization","@id":"https:\/\/a-net-be-867172.hostingersite.com\/#organization","name":"A-NET","url":"https:\/\/a-net-be-867172.hostingersite.com\/","logo":{"@type":"ImageObject","inLanguage":"fr-FR","@id":"https:\/\/a-net-be-867172.hostingersite.com\/#\/schema\/logo\/image\/","url":"https:\/\/a-net.be\/wp-content\/uploads\/2024\/10\/cropped-logo-zwart-new.png","contentUrl":"https:\/\/a-net.be\/wp-content\/uploads\/2024\/10\/cropped-logo-zwart-new.png","width":830,"height":268,"caption":"A-NET"},"image":{"@id":"https:\/\/a-net-be-867172.hostingersite.com\/#\/schema\/logo\/image\/"}},{"@type":"Person","@id":"https:\/\/a-net-be-867172.hostingersite.com\/#\/schema\/person\/83de738378306ec22281e68cf1e77faf","name":"minima-admin","image":{"@type":"ImageObject","inLanguage":"fr-FR","@id":"https:\/\/a-net-be-867172.hostingersite.com\/#\/schema\/person\/image\/","url":"https:\/\/secure.gravatar.com\/avatar\/324374a90592a6d959ffe02513fb16fef9f76cb81128d18c928c30d5feb9d2b3?s=96&d=mm&r=g","contentUrl":"https:\/\/secure.gravatar.com\/avatar\/324374a90592a6d959ffe02513fb16fef9f76cb81128d18c928c30d5feb9d2b3?s=96&d=mm&r=g","caption":"minima-admin"},"sameAs":["https:\/\/a-net.be"],"url":"https:\/\/a-net.be\/fr\/author\/minima-admin\/"}]}},"_links":{"self":[{"href":"https:\/\/a-net.be\/fr\/wp-json\/wp\/v2\/posts\/2171","targetHints":{"allow":["GET"]}}],"collection":[{"href":"https:\/\/a-net.be\/fr\/wp-json\/wp\/v2\/posts"}],"about":[{"href":"https:\/\/a-net.be\/fr\/wp-json\/wp\/v2\/types\/post"}],"author":[{"embeddable":true,"href":"https:\/\/a-net.be\/fr\/wp-json\/wp\/v2\/users\/1"}],"replies":[{"embeddable":true,"href":"https:\/\/a-net.be\/fr\/wp-json\/wp\/v2\/comments?post=2171"}],"version-history":[{"count":2,"href":"https:\/\/a-net.be\/fr\/wp-json\/wp\/v2\/posts\/2171\/revisions"}],"predecessor-version":[{"id":2174,"href":"https:\/\/a-net.be\/fr\/wp-json\/wp\/v2\/posts\/2171\/revisions\/2174"}],"wp:featuredmedia":[{"embeddable":true,"href":"https:\/\/a-net.be\/fr\/wp-json\/wp\/v2\/media\/2172"}],"wp:attachment":[{"href":"https:\/\/a-net.be\/fr\/wp-json\/wp\/v2\/media?parent=2171"}],"wp:term":[{"taxonomy":"category","embeddable":true,"href":"https:\/\/a-net.be\/fr\/wp-json\/wp\/v2\/categories?post=2171"},{"taxonomy":"post_tag","embeddable":true,"href":"https:\/\/a-net.be\/fr\/wp-json\/wp\/v2\/tags?post=2171"}],"curies":[{"name":"wp","href":"https:\/\/api.w.org\/{rel}","templated":true}]}}